{"id":127,"date":"2013-01-27T11:16:46","date_gmt":"2013-01-27T10:16:46","guid":{"rendered":"https:\/\/datorhjalp.se\/karta\/?p=127"},"modified":"2024-10-15T18:25:21","modified_gmt":"2024-10-15T16:25:21","slug":"sollentuna","status":"publish","type":"post","link":"https:\/\/datorhjalp.se\/karta\/sollentuna\/","title":{"rendered":"<h1>Datorhj\u00e4lp Sollentuna<\/h1>"},"content":{"rendered":"\n<h1 class=\"wp-block-heading\">Datorhj\u00e4lp Sollentuna<\/h1>\n\n\n<div class=\"wp-block-image\">\n<figure class=\"aligncenter\"><a href=\"https:\/\/datorhjalp.se\/karta\/sollentuna\/datorhjalp-karta-sollentuna-orrspelsvagen13\/\" rel=\"attachment wp-att-1532\"><img loading=\"lazy\" decoding=\"async\" width=\"1388\" height=\"2076\" src=\"https:\/\/datorhjalp.se\/karta\/wp-content\/uploads\/2013\/01\/datorhjalp-karta-Sollentuna-orrspelsvagen13.jpg\" alt=\"Datorhj\u00e4lp\" class=\"wp-image-1532\"\/><\/a><figcaption class=\"wp-element-caption\">Datorhj\u00e4lp p\u00e5 Orrspelsv\u00e4gen 13, Bromma<\/figcaption><\/figure><\/div>\n\n\n<p>S\u00e5 h\u00e4r hittar Ni fr\u00e5n Sollentuna till <a href=\"https:\/\/datorhjalp.se\/web\/\">Datorhj\u00e4lp<\/a> p\u00e5 <a href=\"https:\/\/datorhjalp.se\/web\/\">Orrspelsv\u00e4gen 13<\/a>, Bromma. R\u00f6dpunkt p\u00e5 kartan \u00e4r Sollentuna och gulpunkt p\u00e5 Kartan \u00e4r Orrspelsv\u00e4gen 13, Bromma<\/p>\n\n\n\n<hr class=\"wp-block-separator has-alpha-channel-opacity\"\/>\n\n\n\n<div style=\"display: grid; grid-template-columns: repeat(1, 1fr); gap: 2px; padding: 10px;width: 100%;\">\n<div style=\"border: 0px solid #ccc; padding: 0px; text-align: center; \">                \n<img decoding=\"async\" src=\"https:\/\/datorhjalp.se\/openstatus\/status\/20\" alt=\"\u00d6ppet p\u00e5 Orrespelsv\u00e4gen\"><BR>\n <p style=\"font-size: 10px; text-align: center;\">Bilden ovan anger vilken status v\u00e5r servicebutik p\u00e5 Orrspelsv\u00e4gen 13,Bromma.<\/p>\n    <\/div>\n    <div id=\"openTimesTableContainer11\" style=\"border: 0px solid #ccc; padding: 0px; text-align: center; max-width: 100%;\"><\/div>\n<\/div>\n<script src=\"https:\/\/datorhjalp.se\/OpenTime.php?color=black&#038;Container=openTimesTableContainer11\"><\/script>\n\n\n\n<hr class=\"wp-block-separator has-alpha-channel-opacity\"\/>\n\n\n\n<figure class=\"wp-block-image alignnone\"><img decoding=\"async\" src=\"https:\/\/maps.googleapis.com\/maps\/api\/staticmap?center=sollentuna,Stockholm&amp;zoom=13&amp;size=800x800&amp;maptype=roadmap&amp;markers=color:blue|label:S|sollentuna+stockholm&amp;key=AIzaSyBG1FNy63Jmb_psywe6JBqyuBnjEZBmfqE\" alt=\"\"\/><figcaption class=\"wp-element-caption\">Bilden ovan visar karta p\u00e5 Sollentuna<\/figcaption><\/figure>\n\n\n\n<figure class=\"wp-block-image alignnone size-medium\"><img decoding=\"async\" src=\"https:\/\/maps.googleapis.com\/maps\/api\/staticmap?center=bromma,Stockholm&amp;zoom=10&amp;size=800x800&amp;maptype=roadmap&amp;markers=color:blue|label:S|Sollentuna+stockholm&amp;markers=color:red|label:D|Orrspelsv%C3%A4gen+13+bromma&amp;key=AIzaSyBG1FNy63Jmb_psywe6JBqyuBnjEZBmfqE\" alt=\"\"\/><figcaption class=\"wp-element-caption\">R\u00f6dpunkt p\u00e5 kartan \u00e4r Datorhj\u00e4lp p\u00e5 Orrspelsv\u00e4gen 13, Bromma bl\u00e5punkt \u00e4r Sollentuna<\/figcaption><\/figure>\n\n\n\n<figure class=\"wp-block-image\"><img decoding=\"async\" src=\"https:\/\/maps.googleapis.com\/maps\/api\/staticmap?center=Orrspelsv%C3%A4gen+13,Stockholm&amp;zoom=14&amp;size=800x800&amp;maptype=roadmap&amp;markers=color:blue|label:S|Sollentuna+stockholm&amp;markers=color:red|label:D|Orrspelsv%C3%A4gen+13+bromma&amp;key=AIzaSyBG1FNy63Jmb_psywe6JBqyuBnjEZBmfqE\" alt=\"\"\/><\/figure>\n\n\n\n<p><\/p>\n\n\n\n<p><strong>\u00c5ka kollektivtrafik till Datorhj\u00e4lp Stockholm p\u00e5 Orrspelsv\u00e4gen 13, Bromma.<\/strong><\/p>\n\n\n\n<figure class=\"wp-block-image\"><a href=\"https:\/\/datorhjalp.se\/karta\/sollentuna\/sollentuna-2\/\" rel=\"attachment wp-att-1452\"><img loading=\"lazy\" decoding=\"async\" width=\"3704\" height=\"1496\" src=\"https:\/\/datorhjalp.se\/karta\/wp-content\/uploads\/2013\/01\/sollentuna.jpg\" alt=\"Datorhj\u00e4llp sollentuna\" class=\"wp-image-1452\"\/><\/a><\/figure>\n\n\n\n<p><\/p>\n\n\n\n<p class=\"has-text-align-right\">S\u00e5 h\u00e4r \u00e5ker du kollektivtrafik ifr\u00e5n Sollentuna till <a href=\"https:\/\/datorhjalp.se\/web\/\">Datorhj\u00e4lp Stockholm<\/a><\/p>\n\n\n\n<ol class=\"wp-block-list\">\n<li>Ta pendelt\u00e5get till Odenplan<\/li>\n\n\n\n<li>Vid Odenplan g\u00e5 du till St:eriksplan tunnelbanne station och ta tunnelbana till Alvik.<\/li>\n\n\n\n<li>Vid Alvik s\u00e5 tar du Nockeby banan till \u00c5lstens G\u00e5rd.<\/li>\n<\/ol>\n","protected":false},"excerpt":{"rendered":"<p>Datorhj\u00e4lp Sollentuna S\u00e5 h\u00e4r hittar Ni fr\u00e5n Sollentuna till Datorhj\u00e4lp p\u00e5 Orrspelsv\u00e4gen 13, Bromma. R\u00f6dpunkt p\u00e5 kartan \u00e4r Sollentuna och gulpunkt p\u00e5 Kartan \u00e4r Orrspelsv\u00e4gen 13, Bromma Bilden ovan anger vilken status v\u00e5r servicebutik p\u00e5 Orrspelsv\u00e4gen 13,Bromma. \u00c5ka kollektivtrafik till Datorhj\u00e4lp Stockholm p\u00e5 Orrspelsv\u00e4gen 13, Bromma. S\u00e5 h\u00e4r \u00e5ker du kollektivtrafik ifr\u00e5n Sollentuna till Datorhj\u00e4lp &hellip; <a href=\"https:\/\/datorhjalp.se\/karta\/sollentuna\/\" class=\"more-link\">Forts\u00e4tt l\u00e4sa<span class=\"screen-reader-text\"> &#8221;<\/p>\n<h1>Datorhj\u00e4lp Sollentuna<\/h1>\n<p>&#8221;<\/span><\/a><\/p>\n","protected":false},"author":1,"featured_media":0,"comment_status":"closed","ping_status":"closed","sticky":false,"template":"","format":"standard","meta":{"footnotes":""},"categories":[86],"tags":[7020,6985,341,7034,6987,6998,7056,342,7006,7049,6975,6996,6990,6993,7057,6995,6997,6994,7041,6992,7051,6969,7052,7046,7000,7008,7010,7047,7055,6982,331,891,7042,7021,7054,7040,6981,6966,6954,7019,6960,6961,6986,7015,906,7001,6953,6974,6973,6983,334,332,6959,343,6951,6950,6952,6971,6980,6946,6955,7053,6957,6964,6989,7048,6944,6948,6949,7005,7004,6967,6968,336,890,7031,333,6991,7038,340,7025,6972,6947,7039,7013,7033,7032,6937,903,6984,6999,902,6943,7035,6988,7028,7027,7011,7058,7014,6962,7037,7018,7024,7003,7002,904,6965,6936,330,6942,6956,7023,893,900,7026,6978,6977,7059,7036,7009,7016,7017,6939,6938,6940,6941,7045,7043,7044,7030,7029,6979,6945,6958,4309,6970,7012,4336,7022,7050,6976,6963,7060,7007],"class_list":["post-127","post","type-post","status-publish","format-standard","hentry","category-sollentuna","tag-112-dator-sollentuna","tag-911dator-sollentuna","tag-acer-service-sollentuna","tag-apple-hjalp-sollentuna","tag-apple-mac-repair-sollentuna","tag-apple-service-sollentuna","tag-apple-support-sollentuna","tag-asus-service-sollentuna","tag-backup-hjalp-sollentuna","tag-behandling-av-virus-sollentuna","tag-blaskarm-sollentuna","tag-computer-consultant-sollentuna","tag-computer-home-service-sollentuna","tag-computer-repair-services-sollentuna","tag-computer-repair-sollentuna","tag-computer-security-service-sollentuna","tag-computer-service-sollentuna","tag-computer-support-and-services-sollentuna","tag-data-hjalpen-sollentuna","tag-data-recovery-service-sollentuna","tag-data-recovery-sollentuna","tag-data-reparation-sollentuna","tag-dataaterskapning-sollentuna","tag-dataaterstallning-sollentuna","tag-datahjalp-for-seniorer-sollentuna","tag-datahjalp-senior-sollentuna","tag-datakonsult-sollentuna","tag-dataraddning-sollentuna","tag-dataraddningsforetag-data-recovery-sollentuna","tag-datareparator-sollentuna","tag-dataservice-sollentuna","tag-datasupport-sollentuna","tag-datasupporten-sollentuna","tag-dator-112-sollentuna","tag-dator-data-backup-sollentuna","tag-dator-hjalpen-sollentuna","tag-dator-reparation-sollentuna","tag-dator90000-sollentuna","tag-datorassistans-sollentuna","tag-datoraukten-sollentuna","tag-datorhaveri-sollentuna","tag-datorhaverier-sollentuna","tag-datorhjalp-for-pensionarer-sollentuna","tag-datorhjalp-hemma-sollentuna","tag-datorhjalp-sollentuna","tag-datorhjalpen-sollentuna","tag-datorkrangel-sollentuna","tag-datorkrasch-sollentuna","tag-datorn-hanger-sig-sollentuna","tag-datorproblem-sollentuna","tag-datorreparation-sollentuna","tag-datorservice-sollentuna","tag-datorsupport-sollentuna","tag-dell-service-sollentuna","tag-e-post-fungera-inte-sollentuna","tag-e-post-fungerar-ej-iphone-sollentuna","tag-epost-fungera-inte-sollentuna","tag-felsokning-sollentuna","tag-fixa-dator-sollentuna","tag-fixa-datorn-sollentuna","tag-formatering-sollentuna","tag-harddiskraddning-sollentuna","tag-hembesok-sollentuna","tag-hjalp-med-att-kopa-dator-sollentuna","tag-home-computer-service-sollentuna","tag-installation-och-konfiguration-av-programvara-sollentuna","tag-internet-fungera-inte-sollentuna","tag-ipad-hjalp-sollentuna","tag-iphone-hjalp-sollentuna","tag-it-doctron-sollentuna","tag-it-doktorn-sollentuna","tag-it-hjalp-hemma-sollentuna","tag-it-hjalp-i-hemmet-sollentuna","tag-it-hjalp-sollentuna","tag-it-hjalpen-sollentuna","tag-it-service-sollentuna","tag-it-support-sollentuna","tag-it-tech-support-sollentuna","tag-it-verkstad-sollentuna","tag-laga-dator-sollentuna","tag-laga-mobil-sollentuna","tag-laga-trasig-dator-sollentuna","tag-langsam-dator-sollentuna","tag-laptop-repair-sollentuna","tag-lenovo-service-sollentuna","tag-linux-hjalp-sollentuna","tag-linux-support-sollentuna","tag-luxor-abc806-service-sollentuna","tag-mac-hjalp-sollentuna","tag-macbook-datorsevice-sollentuna","tag-macdator-sollentuna","tag-machjalp-sollentuna","tag-macservice-sollentuna","tag-macsupport-sollentuna","tag-microsoft-windows-pc-repair-sollentuna","tag-mobildoctorn-sollentuna","tag-mobildoktorn-sollentuna","tag-mobilreparator-sollentuna","tag-natverkstekniker-sollentuna","tag-obslosa-sollentuna","tag-ominstallation-sollentuna","tag-packard-bell-service-sollentuna","tag-pc-aukten-sollentuna","tag-pc-data-service-sollentuna","tag-pc-doctorn-sollentuna","tag-pc-doktorn-sollentuna","tag-pc-hjalp-sollentuna","tag-pc-reparation-sollentuna","tag-pc-service-sollentuna","tag-pc-support-sollentuna","tag-pcservice-sollentuna","tag-raderade-filer-sollentuna","tag-rensa-dator-sollentuna","tag-reparera-dator-sollentuna","tag-reparera-laptop-sollentuna","tag-reperation-mobil-sollentuna","tag-seg-dator-sollentuna","tag-segdator-sollentuna","tag-skarmbyte-barbara-dator-sollentuna","tag-speldator-service-sollentuna","tag-ta-bort-virus-sollentuna","tag-teknikfixare-sollentuna","tag-teknikhjalpen-sollentuna-teknikhjalp-sollentuna","tag-trasig-dc-kontakt-acer-sollentuna","tag-trasig-dc-kontakt-asus-sollentuna","tag-trasig-dc-kontakt-dell-sollentuna","tag-trasig-dc-kontakt-hp-sollentuna","tag-trasig-dc-laptop-sollentuna","tag-trasig-laddkontakt-asus-laptop-sollentuna","tag-trasig-laddkontakt-dell-laptop-sollentuna","tag-trasig-laddkontakt-laptop-sollentuna","tag-trasig-mobil-sollentuna","tag-trasigdator-sollentuna","tag-upgradera-datorn-sollentuna","tag-uppgradering-sollentuna","tag-virus-i-datorn-vad-gora","tag-virus-rensning-sollentuna","tag-virushjalp-sollentuna","tag-virusrensning-mac","tag-virusrensning-sollentuna","tag-virusskydd-sollentuna","tag-windows-blaskarm-sollentuna","tag-windows-starta-inte-sollentuna","tag-windows-reperation-sollentuna","tag-wordpress-hjalp-sollentuna"],"_links":{"self":[{"href":"https:\/\/datorhjalp.se\/karta\/wp-json\/wp\/v2\/posts\/127","targetHints":{"allow":["GET"]}}],"collection":[{"href":"https:\/\/datorhjalp.se\/karta\/wp-json\/wp\/v2\/posts"}],"about":[{"href":"https:\/\/datorhjalp.se\/karta\/wp-json\/wp\/v2\/types\/post"}],"author":[{"embeddable":true,"href":"https:\/\/datorhjalp.se\/karta\/wp-json\/wp\/v2\/users\/1"}],"replies":[{"embeddable":true,"href":"https:\/\/datorhjalp.se\/karta\/wp-json\/wp\/v2\/comments?post=127"}],"version-history":[{"count":14,"href":"https:\/\/datorhjalp.se\/karta\/wp-json\/wp\/v2\/posts\/127\/revisions"}],"predecessor-version":[{"id":2278,"href":"https:\/\/datorhjalp.se\/karta\/wp-json\/wp\/v2\/posts\/127\/revisions\/2278"}],"wp:attachment":[{"href":"https:\/\/datorhjalp.se\/karta\/wp-json\/wp\/v2\/media?parent=127"}],"wp:term":[{"taxonomy":"category","embeddable":true,"href":"https:\/\/datorhjalp.se\/karta\/wp-json\/wp\/v2\/categories?post=127"},{"taxonomy":"post_tag","embeddable":true,"href":"https:\/\/datorhjalp.se\/karta\/wp-json\/wp\/v2\/tags?post=127"}],"curies":[{"name":"wp","href":"https:\/\/api.w.org\/{rel}","templated":true}]}}