{"id":890,"date":"2015-12-18T20:04:53","date_gmt":"2015-12-18T19:04:53","guid":{"rendered":"https:\/\/datorhjalp.se\/karta\/?p=890"},"modified":"2016-02-04T21:13:36","modified_gmt":"2016-02-04T20:13:36","slug":"gardet","status":"publish","type":"post","link":"https:\/\/datorhjalp.se\/karta\/gardet\/","title":{"rendered":"G\u00e4rdet"},"content":{"rendered":"<h1>Datorhj\u00e4lp G\u00e4rdet<\/h1>\n<p>Telefon <a href=\"tel:+468372100\">08 37 21 00<\/a><\/p>\n<p><strong>Hitta till Orrspelsv\u00e4gen 13, Bromma fr\u00e5n G\u00e4rdet <\/strong><\/p>\n<p><img decoding=\"async\" src=\"https:\/\/maps.googleapis.com\/maps\/api\/staticmap?markers=G\u00e4rdet +stockholm&amp;zoom=14&amp;size=800x800&amp;maptype=roadmap&amp;style=feature:landscape%7Ccolor:0xebe9e0&amp;style=feature:water%7Ccolor:0xabbcd7&amp;style=feature:road.highway%7Celement:geometry%7Ccolor:0xc8c8c8&amp;style=element:labels.text.stroke%7Cvisibility:off&amp;style=feature:road.arterial%7Celement:geometry.fill%7Ccolor:0xc8c8c8&amp;style=feature:road.arterial%7Celement:geometry.stroke%7Cvisibility:off&amp;style=feature:poi.park%7Ccolor:0xffffff&amp;style=feature:poi%7Ccolor:0xffffff&amp;style=feature:road.local%7Celement:geometry.fill%7Cvisibility:off&amp;style=feature:road.local%7Celement:geometry.stroke%7Ccolor:0xc8c8c8&amp;style=feature:administrative.locality%7Celement:labels.text.stroke&amp;style=feature:poi.business%7Celement:labels.text.fill%7Ccolor:0x808080%7Cvisibility:on&amp;style=feature:poi.attraction%7Celement:labels.text%7Ccolor:0x808080&amp;style=feature:poi.attraction%7Celement:labels.icon%7Ccolor:0x808080&amp;style=feature:poi.business%7Celement:labels.icon%7Ccolor:0x808080&amp;style=feature:poi.school%7Celement:labels.text%7Ccolor:0x808080&amp;style=feature:poi.place_of_worship%7Ccolor:0x808080&amp;style=feature:poi.medical%7Celement:labels.text%7Ccolor:0x808080&amp;style=feature:poi.medical%7Celement:geometry.fill%7Ccolor:blue\" alt=\"\" \/><\/p>\n<p>R\u00f6dpunkt ovan visa G\u00e4rdet<\/p>\n<p><img decoding=\"async\" src=\"https:\/\/maps.googleapis.com\/maps\/api\/staticmap?markers=Orrspelsv\u00e4gen+13+stockholm&amp;zoom=11&amp;size=800x800&amp;maptype=roadmap&amp;style=feature:landscape%7Ccolor:0xebe9e0&amp;style=feature:water%7Ccolor:0xabbcd7&amp;style=feature:road.highway%7Celement:geometry%7Ccolor:0xc8c8c8&amp;style=element:labels.text.stroke%7Cvisibility:off&amp;style=feature:road.arterial%7Celement:geometry.fill%7Ccolor:0xc8c8c8&amp;style=feature:road.arterial%7Celement:geometry.stroke%7Cvisibility:off&amp;style=feature:poi.park%7Ccolor:0xffffff&amp;style=feature:poi%7Ccolor:0xffffff&amp;style=feature:road.local%7Celement:geometry.fill%7Cvisibility:off&amp;style=feature:road.local%7Celement:geometry.stroke%7Ccolor:0xc8c8c8&amp;style=feature:administrative.locality%7Celement:labels.text.stroke&amp;style=feature:poi.business%7Celement:labels.text.fill%7Ccolor:0x808080%7Cvisibility:on&amp;style=feature:poi.attraction%7Celement:labels.text%7Ccolor:0x808080&amp;style=feature:poi.attraction%7Celement:labels.icon%7Ccolor:0x808080&amp;style=feature:poi.business%7Celement:labels.icon%7Ccolor:0x808080&amp;style=feature:poi.school%7Celement:labels.text%7Ccolor:0x808080&amp;style=feature:poi.place_of_worship%7Ccolor:0x808080&amp;style=feature:poi.medical%7Celement:labels.text%7Ccolor:0x808080&amp;style=feature:poi.medical%7Celement:geometry.fill%7Ccolor:blue\" alt=\"\" \/><\/p>\n<p><img decoding=\"async\" src=\"https:\/\/maps.googleapis.com\/maps\/api\/staticmap?markers=Orrspelsv%C3%A4gen+13+stockholm&amp;zoom=15&amp;size=800x800&amp;maptype=roadmap&amp;style=feature:landscape%7Ccolor:0xebe9e0&amp;style=feature:water%7Ccolor:0xabbcd7&amp;style=feature:road.highway%7Celement:geometry%7Ccolor:0xc8c8c8&amp;style=element:labels.text.stroke%7Cvisibility:off&amp;style=feature:road.arterial%7Celement:geometry.fill%7Ccolor:0xc8c8c8&amp;style=feature:road.arterial%7Celement:geometry.stroke%7Cvisibility:off&amp;style=feature:poi.park%7Ccolor:0xffffff&amp;style=feature:poi%7Ccolor:0xffffff&amp;style=feature:road.local%7Celement:geometry.fill%7Cvisibility:off&amp;style=feature:road.local%7Celement:geometry.stroke%7Ccolor:0xc8c8c8&amp;style=feature:administrative.locality%7Celement:labels.text.stroke&amp;style=feature:poi.business%7Celement:labels.text.fill%7Ccolor:0x808080%7Cvisibility:on&amp;style=feature:poi.attraction%7Celement:labels.text%7Ccolor:0x808080&amp;style=feature:poi.attraction%7Celement:labels.icon%7Ccolor:0x808080&amp;style=feature:poi.business%7Celement:labels.icon%7Ccolor:0x808080&amp;style=feature:poi.school%7Celement:labels.text%7Ccolor:0x808080&amp;style=feature:poi.place_of_worship%7Ccolor:0x808080&amp;style=feature:poi.medical%7Celement:labels.text%7Ccolor:0x808080&amp;style=feature:poi.medical%7Celement:geometry.fill%7Ccolor:0xaaaaa0\" alt=\"\" \/><\/p>\n<p>R\u00f6dpunkt visar Orrspeslvg\u00e4en 13, Bromma.<\/p>\n<p><a href=\"https:\/\/datorhjalp.se\/karta\/gardet\/datorhjalp-gardet\/\" rel=\"attachment wp-att-1291\"><img loading=\"lazy\" decoding=\"async\" class=\"alignnone size-full wp-image-1291\" src=\"https:\/\/datorhjalp.se\/karta\/wp-content\/uploads\/2015\/12\/datorhjalp-gardet.jpg\" alt=\"Datorhj\u00e4lp g\u00e4rdet.\" width=\"1342\" height=\"319\" \/><\/a><\/p>\n<p>Tyv\u00e4rr finns de ingen Datorhj\u00e4lp vid G\u00e4rdet, men s\u00e5 h\u00e4r \u00e5ker du kollektivtrafiken till Datorhj\u00e4lp, Orrspelsv\u00e4gen 13,<br \/>\nIntill \u00c5lstens g\u00e5rd Sp\u00e5rv\u00e4gs h\u00e5llplats.<\/p>\n<ul>\n<li>Ta tunnelbanan R\u00f6d linje till T-Centralen.<\/li>\n<li>Vid T-Centralen byter du till Gr\u00f6n linje emot Alvik<\/li>\n<li>Vid Alvik byter du till Sp\u00e5rvagn 12 ( Nockeby banan ) \u00e5ker med den till \u00c5lstens G\u00e5rd.<\/li>\n<\/ul>\n","protected":false},"excerpt":{"rendered":"<p>Datorhj\u00e4lp G\u00e4rdet Telefon 08 37 21 00 Hitta till Orrspelsv\u00e4gen 13, Bromma fr\u00e5n G\u00e4rdet R\u00f6dpunkt ovan visa G\u00e4rdet R\u00f6dpunkt visar Orrspeslvg\u00e4en 13, Bromma. Tyv\u00e4rr finns de ingen Datorhj\u00e4lp vid G\u00e4rdet, men s\u00e5 h\u00e4r \u00e5ker du kollektivtrafiken till Datorhj\u00e4lp, Orrspelsv\u00e4gen 13, Intill \u00c5lstens g\u00e5rd Sp\u00e5rv\u00e4gs h\u00e5llplats. Ta tunnelbanan R\u00f6d linje till T-Centralen. Vid T-Centralen byter du &hellip; <a href=\"https:\/\/datorhjalp.se\/karta\/gardet\/\" class=\"more-link\">Forts\u00e4tt l\u00e4sa<span class=\"screen-reader-text\"> &#8221;G\u00e4rdet&#8221;<\/span><\/a><\/p>\n","protected":false},"author":1,"featured_media":0,"comment_status":"closed","ping_status":"closed","sticky":false,"template":"","format":"standard","meta":{"footnotes":""},"categories":[70],"tags":[11145,11050,11170,11162,11112,11123,11194,11169,11131,11187,11099,11054,11055,11053,11051,11052,11121,11115,11195,11118,11120,11122,11119,35071,11176,11189,11117,11093,11068,11190,11184,35070,35061,11125,11133,35062,11135,11185,11193,11107,11106,11080,11178,11044,11146,11064,11192,11175,11105,11090,11076,11144,35069,35060,11083,11084,11111,11183,11140,11037,11126,35063,11075,11098,11097,11036,11032,11035,11034,11033,11108,11109,11049,11159,11082,11048,11045,11171,11040,11042,11038,11041,11039,11043,35067,11073,11072,11074,11095,11104,11067,11077,35072,11191,11079,11087,11114,11186,11028,11027,11065,11070,11071,11130,11129,11167,11091,11092,11168,11158,11177,11116,11173,35074,11151,35073,11152,11096,11069,11174,11031,11030,11138,11204,11161,11202,11160,11203,11201,11056,35068,11165,11110,11124,11163,11062,11164,11113,11155,11154,11136,11046,11196,11139,11085,11172,11143,11150,35065,11128,35064,11127,35066,11197,11088,11063,11089,11061,11078,11148,11149,11182,11047,11153,11102,11101,11198,11029,11166,11134,11141,11142,11058,11057,11059,11060,11181,11179,11180,11157,11156,11103,11066,11081,4309,11094,11137,11147,4336,11188,11100,11086,11199,11132,11200],"class_list":["post-890","post","type-post","status-publish","format-standard","hentry","category-ostermalm","tag-112-dator-gardet","tag-911dator-gardet","tag-acer-service-gardet","tag-apple-hjalp-gardet","tag-apple-mac-repair-gardet","tag-apple-service-gardet","tag-apple-support-gardet","tag-asus-service-gardet","tag-backup-hjalp-gardet","tag-behandling-av-virus-gardet","tag-blaskarm-gardet","tag-byta-laddkontakt-acer-gardet","tag-byta-laddkontakt-asus-gardet","tag-byta-laddkontakt-dell-gardet","tag-byta-laddkontakt-hp-gardet","tag-byta-laddkontakt-msi-gardet","tag-computer-consultant-gardet","tag-computer-home-service-gardet","tag-computer-repair-gardet","tag-computer-repair-services-gardet","tag-computer-security-service-gardet","tag-computer-service-gardet","tag-computer-support-and-services-gardet","tag-data-butik-gardet","tag-data-hjalpen-gardet","tag-data-recovery-gardet","tag-data-recovery-service-gardet","tag-data-reparation-gardet","tag-data-support-gardet","tag-dataaterskapning-gardet","tag-dataaterstallning-gardet","tag-databutik-gardet","tag-datafixare-gardet","tag-datahjalp-for-seniorer-gardet","tag-datahjalp-senior-gardet","tag-datakille-gardet","tag-datakonsult-gardet","tag-dataraddning-gardet","tag-dataraddningsforetag-data-recovery-gardet","tag-datareparator-gardet","tag-dataservice-gardet","tag-datasupport-gardet","tag-datasupporten-gardet","tag-dataverkstad-gardet","tag-dator-112-gardet","tag-dator-911-gardet","tag-dator-data-backup-gardet","tag-dator-hjalpen-gardet","tag-dator-reparation-gardet","tag-dator90000-gardet","tag-datorassistans-gardet","tag-datoraukten-gardet","tag-datorbutik-gardet","tag-datorfixare-gardet","tag-datorhaveri-gardet","tag-datorhaverier-gardet","tag-datorhjalp-for-pensionarer-gardet","tag-datorhjalp-gardet","tag-datorhjalp-hemma-gardet","tag-datorhjalp-i-hemmet-gardet","tag-datorhjalpen-gardet","tag-datorkillen-gardet","tag-datorkrangel-gardet","tag-datorkrasch-gardet","tag-datorn-hanger-sig-gardet","tag-datorn-startar-inte-flaktarna-gar-gardet","tag-datorn-startar-inte-gardet","tag-datorn-startar-inte-windows-10-gardet","tag-datorn-startar-inte-windows-7-gardet","tag-datorn-startar-inte-windows-8-gardet","tag-datorproblem-gardet","tag-datorreparation-gardet","tag-datorreparationer-gardet","tag-datorservice-gardet","tag-datorsupport-gardet","tag-datortillbehor-gardet","tag-datorverkstad-gardet","tag-dell-service-gardet","tag-doctor-data-gardet","tag-doctor-dator-gardet","tag-doktor-data-gardet","tag-doktor-dator-gardet","tag-dr-data-gardet","tag-dr-dator-gardet","tag-dr-pc-gardet","tag-e-post-fungera-inte-gardet","tag-e-post-fungerar-ej-iphone-gardet","tag-epost-fungera-inte-gardet","tag-felsokning-gardet","tag-fixa-dator-gardet","tag-fixa-datorn-gardet","tag-formatering-gardet","tag-glappande-laddhal-gardet","tag-harddiskraddning-gardet","tag-hembesok-gardet","tag-hjalp-med-att-kopa-dator-gardet","tag-home-computer-service-gardet","tag-installation-och-konfiguration-av-programvara-gardet","tag-installera-internet-gardet","tag-installera-router-gardet","tag-internet-fungera-inte-gardet","tag-ipad-hjalp-gardet","tag-iphone-hjalp-gardet","tag-it-doctron-gardet","tag-it-doktorn-gardet","tag-it-hjalp-gardet","tag-it-hjalp-hemma-gardet","tag-it-hjalp-i-hemmet-gardet","tag-it-hjalpen-gardet","tag-it-service-gardet","tag-it-support-gardet","tag-it-tech-support-gardet","tag-it-verkstad-gardet","tag-laddhall-gardet","tag-laga-dator-gardet","tag-laga-laddhal-gardet","tag-laga-mobil-gardet","tag-laga-trasig-dator-gardet","tag-langsam-dator-gardet","tag-laptop-repair-gardet","tag-laptop-skarm-funkar-inte-gardet","tag-laptop-skarm-sonder-gardet","tag-lenovo-service-gardet","tag-linux-gardet","tag-linux-hjalp-gardet","tag-linux-store-gardet","tag-linux-support-gardet","tag-linuxbutiken-gardet","tag-linuxstore-gardet","tag-luxor-abc806-service-gardet","tag-mac-doktor-gardet","tag-mac-hjalp-gardet","tag-macbook-datorsevice-gardet","tag-macdator-gardet","tag-machjalp-gardet","tag-macservice-gardet","tag-macsupport-gardet","tag-microsoft-windows-pc-repair-gardet","tag-mobildoctorn-gardet","tag-mobildoktorn-gardet","tag-mobilreparator-gardet","tag-mobilservice-gardet","tag-natverkstekniker-gardet","tag-obslosa-gardet","tag-ominstallation-gardet","tag-packard-bell-service-gardet","tag-pc-aukten-gardet","tag-pc-data-service-gardet","tag-pc-doctor-gardet","tag-pc-doctorn-gardet","tag-pc-doktor-gardet","tag-pc-doktorn-gardet","tag-pc-dr-gardet","tag-pc-hjalp-gardet","tag-pc-reparation-gardet","tag-pc-service-gardet","tag-pc-support-gardet","tag-pcservice-gardet","tag-raderade-filer-gardet","tag-rensa-dator-gardet","tag-reparera-dator-gardet","tag-reparera-laptop-gardet","tag-reperara-mobil-gardet","tag-reperation-mobil-gardet","tag-seg-dator-gardet","tag-segdator-gardet","tag-skarmbyte-barbara-dator-gardet","tag-skarmbyte-laptop-gardet","tag-speldator-service-gardet","tag-ta-bort-virus-gardet","tag-teknikfixare-gardet","tag-teknikhjalpen-annedal-teknikhjalp-gardet","tag-trasig-dc-kontakt-acer-gardet","tag-trasig-dc-kontakt-asus-gardet","tag-trasig-dc-kontakt-dell-gardet","tag-trasig-dc-kontakt-hp-gardet","tag-trasig-dc-laptop-gardet","tag-trasig-laddkontakt-asus-laptop-gardet","tag-trasig-laddkontakt-dell-laptop-gardet","tag-trasig-laddkontakt-laptop-gardet","tag-trasig-mobil-gardet","tag-trasigdator-gardet","tag-upgradera-datorn-gardet","tag-uppgradering-gardet","tag-virus-i-datorn-vad-gora","tag-virus-rensning-gardet","tag-virushjalp-gardet","tag-virusrensning-gardet","tag-virusrensning-mac","tag-virusskydd-gardet","tag-windows-blaskarm-gardet","tag-windows-starta-inte-gardet","tag-windows-reperation-gardet","tag-wordpress-hjalp-gardet","tag-xstore-gardet"],"_links":{"self":[{"href":"https:\/\/datorhjalp.se\/karta\/wp-json\/wp\/v2\/posts\/890","targetHints":{"allow":["GET"]}}],"collection":[{"href":"https:\/\/datorhjalp.se\/karta\/wp-json\/wp\/v2\/posts"}],"about":[{"href":"https:\/\/datorhjalp.se\/karta\/wp-json\/wp\/v2\/types\/post"}],"author":[{"embeddable":true,"href":"https:\/\/datorhjalp.se\/karta\/wp-json\/wp\/v2\/users\/1"}],"replies":[{"embeddable":true,"href":"https:\/\/datorhjalp.se\/karta\/wp-json\/wp\/v2\/comments?post=890"}],"version-history":[{"count":3,"href":"https:\/\/datorhjalp.se\/karta\/wp-json\/wp\/v2\/posts\/890\/revisions"}],"predecessor-version":[{"id":1293,"href":"https:\/\/datorhjalp.se\/karta\/wp-json\/wp\/v2\/posts\/890\/revisions\/1293"}],"wp:attachment":[{"href":"https:\/\/datorhjalp.se\/karta\/wp-json\/wp\/v2\/media?parent=890"}],"wp:term":[{"taxonomy":"category","embeddable":true,"href":"https:\/\/datorhjalp.se\/karta\/wp-json\/wp\/v2\/categories?post=890"},{"taxonomy":"post_tag","embeddable":true,"href":"https:\/\/datorhjalp.se\/karta\/wp-json\/wp\/v2\/tags?post=890"}],"curies":[{"name":"wp","href":"https:\/\/api.w.org\/{rel}","templated":true}]}}