{"id":315,"date":"2023-03-24T18:55:37","date_gmt":"2023-03-24T17:55:37","guid":{"rendered":"https:\/\/datorhjalp.se\/web\/?p=315"},"modified":"2025-12-29T16:08:33","modified_gmt":"2025-12-29T15:08:33","slug":"datorhjalp-varby-gard","status":"publish","type":"post","link":"https:\/\/datorhjalp.se\/web\/datorhjalp-varby-gard\/","title":{"rendered":"Datorhj\u00e4lp i hemmet V\u00e5rby G\u00e5rd f\u00f6r 399:- \/ tim efter RUT"},"content":{"rendered":"\n<p class=\"has-medium-font-size\"><strong><em>N\u00e4r tekniken strular och datorn v\u00e4grar samarbeta \u00e4r hj\u00e4lpen inte l\u00e5ngt borta. Datorhj\u00e4lp i Stockholm AB erbjuder snabb och personlig datorhj\u00e4lp direkt i hemmet i V\u00e5rby G\u00e5rd \u2013 till halva priset med RUT-avdrag.<\/em><\/strong><\/p>\n\n\n\n<figure class=\"wp-block-image size-full\"><img loading=\"lazy\" decoding=\"async\" width=\"900\" height=\"600\" src=\"https:\/\/datorhjalp.se\/web\/wp-content\/uploads\/2023\/03\/image.png\" alt=\"\" class=\"wp-image-1388\" srcset=\"https:\/\/datorhjalp.se\/web\/wp-content\/uploads\/2023\/03\/image.png 900w, https:\/\/datorhjalp.se\/web\/wp-content\/uploads\/2023\/03\/image-300x200.png 300w, https:\/\/datorhjalp.se\/web\/wp-content\/uploads\/2023\/03\/image-768x512.png 768w\" sizes=\"auto, (max-width: 900px) 100vw, 900px\" \/><\/figure>\n\n\n\n<h3 class=\"wp-block-heading has-medium-font-size\">Datorhj\u00e4lp rycker ut i V\u00e5rby G\u00e5rd \u2013 l\u00f6ser teknikproblemen direkt i hemmet<\/h3>\n\n\n\n<p class=\"has-medium-font-size\">Beh\u00f6ver du hj\u00e4lp hemma med dator, n\u00e4tverk, Wi-Fi, skrivare, surfplatta eller smart-TV och bor i V\u00e5rby G\u00e5rd? D\u00e5 finns hj\u00e4lpen n\u00e4ra! Datorhj\u00e4lp i Stockholm AB erbjuder tj\u00e4nsten Datorhj\u00e4lp Hemma \u2013 d\u00e4r erfarna tekniker kommer hem till dig och fixar tekniken p\u00e5 plats.<\/p>\n\n\n\n<p class=\"has-medium-font-size\">\u2013 Vi vet hur frustrerande det kan vara n\u00e4r datorn segar, skrivaren inte vill skriva ut eller Wi-Fi:t tappar kontakten. D\u00e4rf\u00f6r g\u00f6r vi hembes\u00f6k och l\u00f6ser problemen direkt p\u00e5 plats, s\u00e4ger f\u00f6retaget.<\/p>\n\n\n\n<p class=\"has-medium-font-size\">Teknikerna p\u00e5 Datorhj\u00e4lp hj\u00e4lper till med det mesta som r\u00f6r dagens digitala vardag: fels\u00f6kning av datorer, installation av skrivare, f\u00f6rb\u00e4ttring av tr\u00e5dl\u00f6sa n\u00e4tverk, byte till ny dator, virusborttagning, s\u00e4kerhetskopiering och mycket mer. De arbetar med b\u00e5de Mac, Windows och Linux, och kan dessutom hj\u00e4lpa till att installera och konfigurera Chromecast, Apple TV och smart-TV \u2013 perfekt f\u00f6r dig som vill streama dina favoritprogram fr\u00e5n n\u00e4tet.<\/p>\n\n\n\n<p class=\"has-medium-font-size\">Tj\u00e4nsten Datorhj\u00e4lp Hemma i V\u00e5rby G\u00e5rd kostar 350 kronor i timmen efter RUT-avdrag, och f\u00f6retaget tar ingen reseers\u00e4ttning f\u00f6r uppdrag inom Stockholms l\u00e4n \u2013 med undantag f\u00f6r \u00f6ar och sk\u00e4rg\u00e5rdsomr\u00e5den.<\/p>\n\n\n\n<p>\u2013 M\u00e5nga vet inte att RUT-avdraget g\u00e4ller \u00e4ven f\u00f6r IT-tj\u00e4nster. Det betyder att man f\u00e5r professionell teknikhj\u00e4lp till halva priset, s\u00e4ger f\u00f6retaget.<\/p>\n\n\n\n<p>F\u00f6rutom hembes\u00f6k finns \u00e4ven f\u00f6retagets servicebutik p\u00e5 Orrspelsv\u00e4gen 13 i Bromma, d\u00e4r man kan l\u00e4mna in datorer, f\u00e5 r\u00e5dgivning och k\u00f6pa tillbeh\u00f6r.<\/p>\n\n\n\n<p>\u2013 Vi \u00e4r inte bara ett digitalt f\u00f6retag \u2013 vi finns \u00e4ven i verkligheten. M\u00e5nga uppskattar att kunna komma in till butiken och prata direkt med en tekniker, s\u00e4ger Datorhj\u00e4lp.<\/p>\n\n\n\n<p>Oavsett om det handlar om d\u00e5lig Wi-Fi-t\u00e4ckning, en kr\u00e5nglande NAS eller behov av en snabbare dator, finns hj\u00e4lpen bara ett samtal bort.<\/p>\n\n\n\n<p><strong>Telefon:<\/strong> 08-37 21 00<br><strong>SMS:<\/strong> 076-58 67 000<br><strong>E-post:<\/strong> <a href=\"mailto:kontakt@datorhjalp.se\">kontakt@datorhjalp.se<\/a><\/p>\n\n\n\n<figure class=\"wp-block-image size-large\"><img decoding=\"async\" src=\"https:\/\/datorhjalp.se\/bilder\/datorhjalp\/11\/stockholm\/v%C3%A5rby+g%C3%A5rd\" alt=\"\"\/><figcaption class=\"wp-element-caption\">Det \u00e4r j\u00e4tten\u00e4ra mellan G\u00e5rdna \u00c5lsten g\u00e5rd och V\u00e5rby G\u00e5rd. R\u00f6dmark\u00f6r \u00e4r Datorhj\u00e4lp och r\u00f6dmark\u00f6re \u00e4r V\u00e5rby.<\/figcaption><\/figure>\n\n\n\n<figure class=\"wp-block-image size-large\"><img decoding=\"async\" src=\"https:\/\/datorhjalp.se\/img\/IMG_0921.jpg\" alt=\"Datorhj\u00e4lp V\u00e5rby G\u00e5rd111111\"\/><figcaption class=\"wp-element-caption\">Datorhj\u00e4lp servicebutik ligger p\u00e5<a href=\"https:\/\/datorhjalp.se\/karta\/varby-gard\/\" class=\"aioseop-link\"> Orrspelsv\u00e4gen 13, Bromma <\/a><\/figcaption><\/figure>\n","protected":false},"excerpt":{"rendered":"<p>N\u00e4r tekniken strular och datorn v\u00e4grar samarbeta \u00e4r hj\u00e4lpen inte l\u00e5ngt borta. Datorhj\u00e4lp i Stockholm AB erbjuder snabb och personlig datorhj\u00e4lp direkt i hemmet i V\u00e5rby G\u00e5rd \u2013 till halva priset med RUT-avdrag. Datorhj\u00e4lp rycker ut i V\u00e5rby G\u00e5rd \u2013 l\u00f6ser teknikproblemen direkt i hemmet Beh\u00f6ver du hj\u00e4lp hemma med dator, n\u00e4tverk, Wi-Fi, skrivare, surfplatta [&hellip;]<\/p>\n","protected":false},"author":1,"featured_media":0,"comment_status":"open","ping_status":"open","sticky":false,"template":"","format":"standard","meta":{"footnotes":""},"categories":[1],"tags":[1110,1087,1105,1108,1086,519,520,1093,521,522,523,1103,524,1075,525,526,1099,1094,1096,1089,527,536,1077,528,1084,1082,529,530,1107,1080,531,532,1106,1091,1109,1078,1085,1100,1090,1097,1101,1076,533,534,1098,537,1111,1104,535,1079,1083],"class_list":["post-315","post","type-post","status-publish","format-standard","hentry","category-okategoriserade","tag-anpassad-for-artikeln-om-varby-gard-datorhjalp","tag-apple-tv","tag-bredband","tag-bromma","tag-chromecast","tag-datahjalp-varby-gard","tag-dataservice-varby-gard","tag-datorhjalp-hemma","tag-datorhjalp-hemma-varby-gard","tag-datorhjalp-varby-gard","tag-datorhjalpen-varby-gard","tag-datorreparation","tag-datorreparation-varby-gard","tag-datorservice","tag-datorservice-varby-gard","tag-digitalfixare-varby-gard","tag-felsokning","tag-har-ar-en-tagglista-med-kommatecken","tag-hembesok","tag-installation","tag-it-fixare-varby-gard","tag-it-hjalp-varby-gard","tag-it-support","tag-laga-dator-varby-gard","tag-linux","tag-mac","tag-macfixare-varby-gard","tag-machjalp-varby-gard","tag-nas","tag-natverk","tag-pc-service-varby-gard","tag-reparera-dator-varby-gard","tag-router","tag-rut-avdrag","tag-servicebutik","tag-skrivare","tag-smart-tv","tag-stockholm","tag-support-hemma","tag-surfplatta","tag-tekniker","tag-teknikhjalp","tag-teknikhjalp-varby-gard","tag-teknikhjalpen-varby-gard","tag-telefon","tag-trasig-dator-varby-gard","tag-varby-gard","tag-virusborttagning","tag-wi-fi-fixare-varby-gard","tag-wifi","tag-windows"],"_links":{"self":[{"href":"https:\/\/datorhjalp.se\/web\/wp-json\/wp\/v2\/posts\/315","targetHints":{"allow":["GET"]}}],"collection":[{"href":"https:\/\/datorhjalp.se\/web\/wp-json\/wp\/v2\/posts"}],"about":[{"href":"https:\/\/datorhjalp.se\/web\/wp-json\/wp\/v2\/types\/post"}],"author":[{"embeddable":true,"href":"https:\/\/datorhjalp.se\/web\/wp-json\/wp\/v2\/users\/1"}],"replies":[{"embeddable":true,"href":"https:\/\/datorhjalp.se\/web\/wp-json\/wp\/v2\/comments?post=315"}],"version-history":[{"count":5,"href":"https:\/\/datorhjalp.se\/web\/wp-json\/wp\/v2\/posts\/315\/revisions"}],"predecessor-version":[{"id":1922,"href":"https:\/\/datorhjalp.se\/web\/wp-json\/wp\/v2\/posts\/315\/revisions\/1922"}],"wp:attachment":[{"href":"https:\/\/datorhjalp.se\/web\/wp-json\/wp\/v2\/media?parent=315"}],"wp:term":[{"taxonomy":"category","embeddable":true,"href":"https:\/\/datorhjalp.se\/web\/wp-json\/wp\/v2\/categories?post=315"},{"taxonomy":"post_tag","embeddable":true,"href":"https:\/\/datorhjalp.se\/web\/wp-json\/wp\/v2\/tags?post=315"}],"curies":[{"name":"wp","href":"https:\/\/api.w.org\/{rel}","templated":true}]}}